{"id":57,"date":"2014-08-14T08:56:38","date_gmt":"2014-08-14T08:56:38","guid":{"rendered":"http:\/\/lesplanchesanu.wordpress.com\/?p=57"},"modified":"2014-08-14T08:56:38","modified_gmt":"2014-08-14T08:56:38","slug":"en-route-vers-2015","status":"publish","type":"post","link":"http:\/\/planchesanu.be\/?p=57","title":{"rendered":"En route vers 2015&#8230;"},"content":{"rendered":"<p><a href=\"http:\/\/planchesanu.be\/wp-content\/uploads\/2014\/08\/1908377_898439773518235_6467978633673403954_n.jpg\"><img loading=\"lazy\" decoding=\"async\" class=\"alignleft wp-image-50 \" src=\"http:\/\/planchesanu.be\/wp-content\/uploads\/2014\/08\/1908377_898439773518235_6467978633673403954_n.jpg?w=300\" alt=\"1908377_898439773518235_6467978633673403954_n\" width=\"283\" height=\"283\" srcset=\"http:\/\/planchesanu.be\/wp-content\/uploads\/2014\/08\/1908377_898439773518235_6467978633673403954_n.jpg 960w, http:\/\/planchesanu.be\/wp-content\/uploads\/2014\/08\/1908377_898439773518235_6467978633673403954_n-150x150.jpg 150w, http:\/\/planchesanu.be\/wp-content\/uploads\/2014\/08\/1908377_898439773518235_6467978633673403954_n-300x300.jpg 300w, http:\/\/planchesanu.be\/wp-content\/uploads\/2014\/08\/1908377_898439773518235_6467978633673403954_n-768x768.jpg 768w, http:\/\/planchesanu.be\/wp-content\/uploads\/2014\/08\/1908377_898439773518235_6467978633673403954_n-100x100.jpg 100w\" sizes=\"(max-width: 283px) 100vw, 283px\" \/><\/a>Apr\u00e8s quelques mois de rel\u00e2che, nous avons repris le chemin des r\u00e9p\u00e9titions pour pr\u00e9parer le nouveau spectacle que nous aurons le plaisir de vous pr\u00e9senter en mars 2015.<\/p>\n<p>Une nouvelle \u00e9quipe pour une nouveau projet encore une fois diff\u00e9rent de ce que nous vous avons propos\u00e9 pr\u00e9c\u00e9demment. Sous la houlette de Sarah Cerri et de Joseph-Emmanuel Biscardi c&rsquo;est\u00a0une com\u00e9die l\u00e9g\u00e8re, moderne et originale \u00e9crite en exclusivit\u00e9 pour la troupe que nous vous proposons cette ann\u00e9e.<\/p>\n<p>&nbsp;<\/p>\n<p>Une nouvelle aventure que nous aurons le plaisir de partager avec vous du 13 au 28 mars prochain!<\/p>\n<p>R\u00e9servez-nous d\u00e9j\u00e0 une petite place dans votre agenda \ud83d\ude09<\/p>\n","protected":false},"excerpt":{"rendered":"<p>Apr\u00e8s quelques mois de rel\u00e2che, nous avons repris le chemin des r\u00e9p\u00e9titions pour pr\u00e9parer le nouveau spectacle que nous aurons le plaisir de vous pr\u00e9senter en mars 2015. Une nouvelle \u00e9quipe pour une nouveau projet encore une fois diff\u00e9rent de ce que nous vous avons propos\u00e9 pr\u00e9c\u00e9demment. Sous la houlette de Sarah Cerri et de [&hellip;]<\/p>\n","protected":false},"author":2,"featured_media":0,"comment_status":"closed","ping_status":"closed","sticky":false,"template":"","format":"standard","meta":{"footnotes":""},"categories":[2,4],"tags":[],"_links":{"self":[{"href":"http:\/\/planchesanu.be\/index.php?rest_route=\/wp\/v2\/posts\/57"}],"collection":[{"href":"http:\/\/planchesanu.be\/index.php?rest_route=\/wp\/v2\/posts"}],"about":[{"href":"http:\/\/planchesanu.be\/index.php?rest_route=\/wp\/v2\/types\/post"}],"author":[{"embeddable":true,"href":"http:\/\/planchesanu.be\/index.php?rest_route=\/wp\/v2\/users\/2"}],"replies":[{"embeddable":true,"href":"http:\/\/planchesanu.be\/index.php?rest_route=%2Fwp%2Fv2%2Fcomments&post=57"}],"version-history":[{"count":0,"href":"http:\/\/planchesanu.be\/index.php?rest_route=\/wp\/v2\/posts\/57\/revisions"}],"wp:attachment":[{"href":"http:\/\/planchesanu.be\/index.php?rest_route=%2Fwp%2Fv2%2Fmedia&parent=57"}],"wp:term":[{"taxonomy":"category","embeddable":true,"href":"http:\/\/planchesanu.be\/index.php?rest_route=%2Fwp%2Fv2%2Fcategories&post=57"},{"taxonomy":"post_tag","embeddable":true,"href":"http:\/\/planchesanu.be\/index.php?rest_route=%2Fwp%2Fv2%2Ftags&post=57"}],"curies":[{"name":"wp","href":"https:\/\/api.w.org\/{rel}","templated":true}]}}