{"id":256,"date":"2018-02-14T14:24:24","date_gmt":"2018-02-14T14:24:24","guid":{"rendered":"https:\/\/lesplanchesanu.wordpress.com\/?p=256"},"modified":"2018-02-14T14:24:24","modified_gmt":"2018-02-14T14:24:24","slug":"256","status":"publish","type":"post","link":"http:\/\/planchesanu.be\/?p=256","title":{"rendered":"Les PAN ont 20 ans !"},"content":{"rendered":"<p><a href=\"http:\/\/planchesanu.be\/wp-content\/uploads\/2018\/02\/pan20ans.jpg\"><img loading=\"lazy\" decoding=\"async\" class=\"alignleft wp-image-254\" src=\"http:\/\/planchesanu.be\/wp-content\/uploads\/2018\/02\/pan20ans.jpg?w=300\" alt=\"\" width=\"173\" height=\"138\" srcset=\"http:\/\/planchesanu.be\/wp-content\/uploads\/2018\/02\/pan20ans.jpg 387w, http:\/\/planchesanu.be\/wp-content\/uploads\/2018\/02\/pan20ans-300x240.jpg 300w\" sizes=\"(max-width: 173px) 100vw, 173px\" \/><\/a>Oy\u00e9, oy\u00e9, amis du th\u00e9\u00e2tre ! Les Planches ont planch\u00e9 et sont pr\u00eates \u00e0 lever un petit coin de rideau sur le programme de 2018.<\/p>\n<p>Cette ann\u00e9e, nous ne vous pr\u00e9senterons pas notre habituel spectacle du mois de mars. Mais n&rsquo;ayez crainte : apr\u00e8s plus de 20 ans au service de vos applaudissements, nous avons sorti de nos tiroirs des envies d&rsquo;autre chose&#8230;<\/p>\n<p>Au mois d&rsquo;octobre, nous vous proposerons un rendez-vous original sur lequel nous souhaitons encore garder un peu de myst\u00e8re.<\/p>\n<p>Restez connect\u00e9s&#8230; Nous vous en d\u00e9voilerons davantage dans les semaines et les mois \u00e0 venir !<\/p>\n<h2><a href=\"http:\/\/www.facebook.com\/theatrehannut\">www.facebook.com\/theatrehannut<\/a><\/h2>\n","protected":false},"excerpt":{"rendered":"<p>Oy\u00e9, oy\u00e9, amis du th\u00e9\u00e2tre ! Les Planches ont planch\u00e9 et sont pr\u00eates \u00e0 lever un petit coin de rideau sur le programme de 2018. Cette ann\u00e9e, nous ne vous pr\u00e9senterons pas notre habituel spectacle du mois de mars. Mais n&rsquo;ayez crainte : apr\u00e8s plus de 20 ans au service de vos applaudissements, nous avons [&hellip;]<\/p>\n","protected":false},"author":2,"featured_media":0,"comment_status":"closed","ping_status":"closed","sticky":false,"template":"","format":"standard","meta":{"footnotes":""},"categories":[2,7],"tags":[],"_links":{"self":[{"href":"http:\/\/planchesanu.be\/index.php?rest_route=\/wp\/v2\/posts\/256"}],"collection":[{"href":"http:\/\/planchesanu.be\/index.php?rest_route=\/wp\/v2\/posts"}],"about":[{"href":"http:\/\/planchesanu.be\/index.php?rest_route=\/wp\/v2\/types\/post"}],"author":[{"embeddable":true,"href":"http:\/\/planchesanu.be\/index.php?rest_route=\/wp\/v2\/users\/2"}],"replies":[{"embeddable":true,"href":"http:\/\/planchesanu.be\/index.php?rest_route=%2Fwp%2Fv2%2Fcomments&post=256"}],"version-history":[{"count":0,"href":"http:\/\/planchesanu.be\/index.php?rest_route=\/wp\/v2\/posts\/256\/revisions"}],"wp:attachment":[{"href":"http:\/\/planchesanu.be\/index.php?rest_route=%2Fwp%2Fv2%2Fmedia&parent=256"}],"wp:term":[{"taxonomy":"category","embeddable":true,"href":"http:\/\/planchesanu.be\/index.php?rest_route=%2Fwp%2Fv2%2Fcategories&post=256"},{"taxonomy":"post_tag","embeddable":true,"href":"http:\/\/planchesanu.be\/index.php?rest_route=%2Fwp%2Fv2%2Ftags&post=256"}],"curies":[{"name":"wp","href":"https:\/\/api.w.org\/{rel}","templated":true}]}}