{"id":157,"date":"2015-03-03T16:14:00","date_gmt":"2015-03-03T16:14:00","guid":{"rendered":"https:\/\/lesplanchesanu.wordpress.com\/?p=157"},"modified":"2015-03-03T16:14:00","modified_gmt":"2015-03-03T16:14:00","slug":"les-planches-a-nu-presentent-la-baignoire","status":"publish","type":"post","link":"http:\/\/planchesanu.be\/?p=157","title":{"rendered":"Les Planches \u00e0 Nu pr\u00e9sentent \u00ab\u00a0La baignoire\u00a0\u00bb"},"content":{"rendered":"<p align=\"JUSTIFY\"><span style=\"color:#1a1a1a;\"><span style=\"font-family:Arial, sans-serif;\"><span style=\"font-size:small;\"><b><a href=\"http:\/\/planchesanu.be\/wp-content\/uploads\/2015\/01\/profil-carrecc81.jpg\"><img loading=\"lazy\" decoding=\"async\" class=\"alignleft  wp-image-141\" src=\"http:\/\/planchesanu.be\/wp-content\/uploads\/2015\/01\/profil-carrecc81.jpg\" alt=\"Profil carre\u0301\" width=\"215\" height=\"215\" srcset=\"http:\/\/planchesanu.be\/wp-content\/uploads\/2015\/01\/profil-carrecc81.jpg 295w, http:\/\/planchesanu.be\/wp-content\/uploads\/2015\/01\/profil-carrecc81-150x150.jpg 150w, http:\/\/planchesanu.be\/wp-content\/uploads\/2015\/01\/profil-carrecc81-100x100.jpg 100w\" sizes=\"(max-width: 215px) 100vw, 215px\" \/><\/a>Pour sa nouvelle saison, les com\u00e9diens des Planches \u00e0 Nu vous proposent \u00ab\u00a0La baignoire\u00a0\u00bb, une com\u00e9die savonneuse inspir\u00e9e d&rsquo;eux, \u00e9crite pour eux et jou\u00e9e par eux \u00e0 Petit-Hallet les trois derniers week-ends de mars. Dans \u00ab\u00a0<\/b><\/span><\/span><\/span><strong><span style=\"color:#1a1a1a;\"><span style=\"font-family:Arial, sans-serif;\"><span style=\"font-size:small;\"><b>La baignoire\u00a0\u00bb<\/b><\/span><\/span><\/span><\/strong><span style=\"color:#1a1a1a;\"><span style=\"font-family:Arial, sans-serif;\"><span style=\"font-size:small;\"><b>, Sarah Cerri nous emm\u00e8ne dans l&rsquo;univers pour le moins \u00ab\u00a0\u00e9troit\u00a0\u00bb d&rsquo;une f\u00eate de famille : un texte original, des personnages au caract\u00e8re bien tremp\u00e9 et une mise en sc\u00e8ne p\u00e9tillante que Sarah assure en duo avec Joseph-Emmanuel Biscardi. Mettez le tout dans un d\u00e9cor \u00e9tonnant cr\u00e9\u00e9 par Michel Suppes et le tour est jou\u00e9! <\/b><\/span><\/span><\/span><\/p>\n<p align=\"JUSTIFY\"><span style=\"color:#1a1a1a;\"><span style=\"font-family:Arial, sans-serif;\"><span style=\"font-size:small;\">C&rsquo;est en juin 2014 que l&rsquo;\u00e9quipe des PAN rencontre Sarah Cerri pour lui proposer la mise en sc\u00e8ne de son prochain projet. Tr\u00e8s rapidement, elle pr\u00e9sente Joseph-Emmanuel Biscardi \u00e0 la troupe et la collaboration commence. Avec son master en Art du spectacle, Sarah <\/span><\/span><\/span><span style=\"color:#1a1a1a;\"><span style=\"font-family:Arial, sans-serif;\"><span style=\"font-size:small;\">a particip\u00e9 \u00e0 de nombreux projets th\u00e9\u00e2traux comme auteur, metteur en sc\u00e8ne ou com\u00e9dienne. C&rsquo;est donc assez naturellement qu&rsquo;apr\u00e8s quelques rencontres, elle a propos\u00e9 une de ses cr\u00e9ations \u00e0 la troupe. En plus d&rsquo;\u00eatre original, le texte est cousu sur mesure puisque ce sont les com\u00e9diens eux-m\u00eames qui ont inspir\u00e9 l&rsquo;auteur\u00a0! Joseph-Emmanuel est, quant \u00e0 lui, un artiste aux multiples facettes. Musicien, com\u00e9dien puis auteur-compositeur-interpr\u00e8te, il a plusieurs com\u00e9dies musicales \u00e0 son actif et a acquis r\u00e9cemment une belle renomm\u00e9e dans le monde de la chanson en devenant, au printemps dernier, \u00ab\u00a0Coup de coeur M6\u00a0\u00bb avec son clip \u00ab\u00a0Une Seconde\u00a0\u00bb. C&rsquo;est la deuxi\u00e8me fois que Joseph-Emmanuel et Sarah se partagent la mise en sc\u00e8ne d&rsquo;un spectacle et le duo fonctionne \u00e0 merveille\u00a0! Pour \u00e9toffer cette \u00e9quipe artistique, c&rsquo;est Michel Suppes, d\u00e9j\u00e0 sc\u00e9nographe dans \u00ab\u00a0Si \u00e7a va, bravo\u00a0\u00bb et \u00ab\u00a0La Dame de chez Maxim\u00a0\u00bb, qui signe de sa cr\u00e9ativit\u00e9 le d\u00e9cor tr\u00e8s original de ce nouveau projet.<\/span><\/span><\/span><!--more--><\/p>\n<p align=\"JUSTIFY\"><span style=\"color:#1a1a1a;\"><span style=\"font-family:Arial, sans-serif;\"><span style=\"font-size:small;\">Dans \u00ab\u00a0<\/span><\/span><\/span><span style=\"color:#1a1a1a;\"><span style=\"font-family:Arial, sans-serif;\"><span style=\"font-size:small;\"><b>La baignoire<\/b><\/span><\/span><\/span><span style=\"color:#1a1a1a;\"><span style=\"font-family:Arial, sans-serif;\"><span style=\"font-size:small;\">\u00a0\u00bb, les com\u00e9diens des PAN vous emm\u00e8nent au coeur des secrets et des r\u00e9v\u00e9lations d&rsquo;une famille moderne. Nous sommes le 25 novembre et Patricia f\u00eate ses 35 ans. Mais quand on est n\u00e9e le jour de la Sainte-Catherine, qu&rsquo;on est c\u00e9libataire et qu&rsquo;on a une m\u00e8re tr\u00e8s inventive, on se retrouve chaque ann\u00e9e, affubl\u00e9e d&rsquo;un chapeau ridicule, \u00e0 une grande f\u00eate familiale mettant \u00e0 l&rsquo;honneur cet \u00e9ternel c\u00e9libat. C&rsquo;est ainsi que Patricia, jeune quadra toujours pas sortie de l&rsquo;influence parentale, se retrouve, le jour de son anniversaire, au c\u0153ur des rebondissements familiaux. Avec son fr\u00e8re, Ludo, ils devront tour \u00e0 tour affronter et sou<\/span><\/span><\/span><span style=\"color:#1a1a1a;\"><span style=\"font-family:Arial, sans-serif;\"><span style=\"font-size:small;\"><a href=\"http:\/\/planchesanu.be\/wp-content\/uploads\/2015\/03\/11027773_1021860854509459_8265156326974578130_n.jpg\"><img loading=\"lazy\" decoding=\"async\" class=\"alignright  wp-image-160\" src=\"http:\/\/planchesanu.be\/wp-content\/uploads\/2015\/03\/11027773_1021860854509459_8265156326974578130_n.jpg?w=300\" alt=\"11027773_1021860854509459_8265156326974578130_n\" width=\"253\" height=\"253\" srcset=\"http:\/\/planchesanu.be\/wp-content\/uploads\/2015\/03\/11027773_1021860854509459_8265156326974578130_n.jpg 960w, http:\/\/planchesanu.be\/wp-content\/uploads\/2015\/03\/11027773_1021860854509459_8265156326974578130_n-150x150.jpg 150w, http:\/\/planchesanu.be\/wp-content\/uploads\/2015\/03\/11027773_1021860854509459_8265156326974578130_n-300x300.jpg 300w, http:\/\/planchesanu.be\/wp-content\/uploads\/2015\/03\/11027773_1021860854509459_8265156326974578130_n-768x766.jpg 768w, http:\/\/planchesanu.be\/wp-content\/uploads\/2015\/03\/11027773_1021860854509459_8265156326974578130_n-100x100.jpg 100w\" sizes=\"(max-width: 253px) 100vw, 253px\" \/><\/a><\/span><\/span><\/span><span style=\"color:#1a1a1a;\"><span style=\"font-family:Arial, sans-serif;\"><span style=\"font-size:small;\">ten<\/span><\/span><\/span><span style=\"color:#1a1a1a;\"><span style=\"font-family:Arial, sans-serif;\"><span style=\"font-size:small;\">ir leur m\u00e8re qui ne m\u00e9nage personne et qui a, depuis longtemps, assis son pouvoir sur la tribu. Autour d&rsquo;eux, A<\/span><\/span><\/span><span style=\"color:#1a1a1a;\"><span style=\"font-family:Arial, sans-serif;\"><span style=\"font-size:small;\">gn\u00e8s, la meilleure amie de Patricia qui la soutient depuis toujours et Fabrice, le vieil ami de la famille. S&rsquo;il est divorc\u00e9 depuis 10 ans, Fabrice a gard\u00e9 des rapports cordiaux avec son ex, Maryline, qui est \u00e9galement pr\u00e9sente \u00e0 la f\u00eate. <\/span><\/span><\/span><span style=\"color:#1a1a1a;\"><span style=\"font-family:Arial, sans-serif;\"><span style=\"font-size:small;\">Tr\u00e8s attach\u00e9e \u00e0 la famille de Patricia, Maryline ne manque pas une occasion pour s&rsquo;y incruster et cette ann\u00e9e, ell<\/span><\/span><\/span><span style=\"color:#1a1a1a;\"><span style=\"font-family:Arial, sans-serif;\"><span style=\"font-size:small;\">e y a ame<\/span><\/span><\/span><span style=\"color:#1a1a1a;\"><span style=\"font-family:Arial, sans-serif;\"><span style=\"font-size:small;\">n\u00e9 son nouveau copain, Thierry, un gar\u00e7on plut\u00f4t atypique tr\u00e8s d\u00e9sireux de s&rsquo;int\u00e9grer au <\/span><\/span><\/span><span style=\"color:#1a1a1a;\"><span style=\"font-family:Arial, sans-serif;\"><span style=\"font-size:small;\">groupe&#8230;Un p\u00e9tillant cocktail de personnages dont les histoires personnelles vont s&#8217;emm\u00ealer et s&rsquo;entrem\u00ealer pour \u00e9clater au grand jour&#8230; Mais pas toujours l\u00e0 o\u00f9 on les attend\u00a0!<\/span><\/span><\/span><\/p>\n<p align=\"JUSTIFY\"><span style=\"font-family:Arial, sans-serif;\"><span style=\"font-size:small;\">Fernand Claude, Malika Lebrun, Annick Leroy, Emilie Massi, Claude Matyn, Xavier Matyn et Monique Surlemont vous donnent donc rendez-vous du 13 au 28 mars 2015 sur les planches de la salle des Amis R\u00e9unis \u00e0 Petit-Hallet pour d\u00e9couvrir cette cr\u00e9ation amusante et rafraichissante. La promesse<span style=\"color:#1a1a1a;\"> d&rsquo;un grand moment de rire, devant un comique familial aux accents de d\u00e9j\u00e0-vus croustillants, \u00e0 peine caricatur\u00e9s&#8230; A ne pas manquer !<\/span><\/span><\/span><\/p>\n<p style=\"text-align:center;\" align=\"JUSTIFY\"><span style=\"font-family:Arial, sans-serif;\"><span style=\"font-size:small;\"><span style=\"color:#1a1a1a;\">Les infos ? -&gt; <strong><a href=\"http:\/\/wp.me\/P1TnJY-t\">c&rsquo;est par ici<\/a> !<\/strong><br \/>\n<\/span><\/span><\/span><\/p>\n<p align=\"JUSTIFY\"><a href=\"http:\/\/planchesanu.be\/wp-content\/uploads\/2015\/03\/photo-groupe-la-baignoire.jpg\"><img loading=\"lazy\" decoding=\"async\" class=\"aligncenter wp-image-159 size-large\" src=\"http:\/\/planchesanu.be\/wp-content\/uploads\/2015\/03\/photo-groupe-la-baignoire.jpg?w=580\" alt=\"Photo groupe La baignoire\" width=\"580\" height=\"387\" srcset=\"http:\/\/planchesanu.be\/wp-content\/uploads\/2015\/03\/photo-groupe-la-baignoire.jpg 1181w, http:\/\/planchesanu.be\/wp-content\/uploads\/2015\/03\/photo-groupe-la-baignoire-300x200.jpg 300w, http:\/\/planchesanu.be\/wp-content\/uploads\/2015\/03\/photo-groupe-la-baignoire-768x512.jpg 768w, http:\/\/planchesanu.be\/wp-content\/uploads\/2015\/03\/photo-groupe-la-baignoire-1024x683.jpg 1024w\" sizes=\"(max-width: 580px) 100vw, 580px\" \/><\/a><\/p>\n","protected":false},"excerpt":{"rendered":"<p>Pour sa nouvelle saison, les com\u00e9diens des Planches \u00e0 Nu vous proposent \u00ab\u00a0La baignoire\u00a0\u00bb, une com\u00e9die savonneuse inspir\u00e9e d&rsquo;eux, \u00e9crite pour eux et jou\u00e9e par eux \u00e0 Petit-Hallet les trois derniers week-ends de mars. Dans \u00ab\u00a0La baignoire\u00a0\u00bb, Sarah Cerri nous emm\u00e8ne dans l&rsquo;univers pour le moins \u00ab\u00a0\u00e9troit\u00a0\u00bb d&rsquo;une f\u00eate de famille : un texte original, [&hellip;]<\/p>\n","protected":false},"author":2,"featured_media":0,"comment_status":"closed","ping_status":"closed","sticky":false,"template":"","format":"standard","meta":{"footnotes":""},"categories":[2],"tags":[],"_links":{"self":[{"href":"http:\/\/planchesanu.be\/index.php?rest_route=\/wp\/v2\/posts\/157"}],"collection":[{"href":"http:\/\/planchesanu.be\/index.php?rest_route=\/wp\/v2\/posts"}],"about":[{"href":"http:\/\/planchesanu.be\/index.php?rest_route=\/wp\/v2\/types\/post"}],"author":[{"embeddable":true,"href":"http:\/\/planchesanu.be\/index.php?rest_route=\/wp\/v2\/users\/2"}],"replies":[{"embeddable":true,"href":"http:\/\/planchesanu.be\/index.php?rest_route=%2Fwp%2Fv2%2Fcomments&post=157"}],"version-history":[{"count":0,"href":"http:\/\/planchesanu.be\/index.php?rest_route=\/wp\/v2\/posts\/157\/revisions"}],"wp:attachment":[{"href":"http:\/\/planchesanu.be\/index.php?rest_route=%2Fwp%2Fv2%2Fmedia&parent=157"}],"wp:term":[{"taxonomy":"category","embeddable":true,"href":"http:\/\/planchesanu.be\/index.php?rest_route=%2Fwp%2Fv2%2Fcategories&post=157"},{"taxonomy":"post_tag","embeddable":true,"href":"http:\/\/planchesanu.be\/index.php?rest_route=%2Fwp%2Fv2%2Ftags&post=157"}],"curies":[{"name":"wp","href":"https:\/\/api.w.org\/{rel}","templated":true}]}}